{"id":800,"date":"2025-09-29T11:10:57","date_gmt":"2025-09-29T09:10:57","guid":{"rendered":"https:\/\/fu-ortsverband-reisbach.de\/?p=800"},"modified":"2025-09-29T11:26:16","modified_gmt":"2025-09-29T09:26:16","slug":"7-september-2025-sommerempfang-des-beirksverbandes-niederbayern","status":"publish","type":"post","link":"https:\/\/fu-ortsverband-reisbach.de\/?p=800","title":{"rendered":"7. September 2025: Sommerempfang des Beirksverbandes Niederbayern"},"content":{"rendered":"\n<p class=\"has-text-align-center has-accent-color has-text-color has-link-color wp-elements-f70242714644f13e3c2f5b981c2c6587\"><strong><em>Niederbayerns Frauen unter einem Hut &#8211; Frauen &#8211; Sternstunden &#8211; Politik<\/em><\/strong><\/p>\n\n\n\n<p>Unter diesem Motto trafen sich Damen aus ganz Niederbayern auf Schloss Tunzenberg n\u00e4he Mengkofen. Der FU-Kreisverband Dingolfing-Landau hatte hierzu mit dem OV Mengkofen die Organisation \u00fcbernommen.  <\/p>\n\n\n\n<p>Die Bezirksvorsitzende Dr. Petra Loibl konnte neben den vielen Besucherinnen auch Ehreng\u00e4ste begr\u00fc\u00dfen, wie MdB G\u00fcnter Baumgartner, stv. Landesvorsitzende Gudrun Zollner, FU-Kreisvorsitzende Andrea Fitz, SEN-Bezirksvorsitzenden Raimund Fries und den Hausherrn, Herrn Ammer.<\/p>\n\n\n\n<p>Auf dem Programm standen der Besuch der Kapelle und Pferde-Kutschfahrten. Bei Sektempfang, Kaffee und Kuchen und der musikalischen Untermalung von &#8222;Jazz-Delight&#8220; verbrachten alle Besucher bei idealem Wetter einen unterhaltsamen Nachmittag. <\/p>\n\n\n\n<p>Auch Damen aus dem OV Reisbach nahmen an dem Sommerempfang teil.  <\/p>\n\n\n\n<div class=\"wp-block-columns is-layout-flex wp-container-core-columns-is-layout-9d6595d7 wp-block-columns-is-layout-flex\">\n<div class=\"wp-block-column is-layout-flow wp-block-column-is-layout-flow\" style=\"flex-basis:25%\">\n<figure class=\"wp-block-gallery has-nested-images columns-default is-cropped wp-block-gallery-1 is-layout-flex wp-block-gallery-is-layout-flex\">\n<figure class=\"wp-block-image size-large\"><img loading=\"lazy\" decoding=\"async\" width=\"724\" height=\"1024\" data-id=\"807\" src=\"https:\/\/fu-ortsverband-reisbach.de\/wp-content\/uploads\/2025\/09\/07.09.25-Hut-OV-Reisbach-m.R-1-724x1024.jpg\" alt=\"\" class=\"wp-image-807\" srcset=\"https:\/\/fu-ortsverband-reisbach.de\/wp-content\/uploads\/2025\/09\/07.09.25-Hut-OV-Reisbach-m.R-1-724x1024.jpg 724w, https:\/\/fu-ortsverband-reisbach.de\/wp-content\/uploads\/2025\/09\/07.09.25-Hut-OV-Reisbach-m.R-1-212x300.jpg 212w, https:\/\/fu-ortsverband-reisbach.de\/wp-content\/uploads\/2025\/09\/07.09.25-Hut-OV-Reisbach-m.R-1-768x1086.jpg 768w, https:\/\/fu-ortsverband-reisbach.de\/wp-content\/uploads\/2025\/09\/07.09.25-Hut-OV-Reisbach-m.R-1.jpg 912w\" sizes=\"auto, (max-width: 724px) 100vw, 724px\" \/><\/figure>\n<\/figure>\n<\/div>\n\n\n\n<div class=\"wp-block-column is-layout-flow wp-block-column-is-layout-flow\" style=\"flex-basis:50%\">\n<figure class=\"wp-block-gallery has-nested-images columns-default is-cropped wp-block-gallery-2 is-layout-flex wp-block-gallery-is-layout-flex\">\n<figure class=\"wp-block-image size-large\"><img loading=\"lazy\" decoding=\"async\" width=\"1009\" height=\"613\" data-id=\"808\" src=\"https:\/\/fu-ortsverband-reisbach.de\/wp-content\/uploads\/2025\/09\/07.09.25-Hut-alle-m.R-1.jpg\" alt=\"\" class=\"wp-image-808\" srcset=\"https:\/\/fu-ortsverband-reisbach.de\/wp-content\/uploads\/2025\/09\/07.09.25-Hut-alle-m.R-1.jpg 1009w, https:\/\/fu-ortsverband-reisbach.de\/wp-content\/uploads\/2025\/09\/07.09.25-Hut-alle-m.R-1-300x182.jpg 300w, https:\/\/fu-ortsverband-reisbach.de\/wp-content\/uploads\/2025\/09\/07.09.25-Hut-alle-m.R-1-768x467.jpg 768w\" sizes=\"auto, (max-width: 1009px) 100vw, 1009px\" \/><\/figure>\n<\/figure>\n<\/div>\n\n\n\n<div class=\"wp-block-column is-layout-flow wp-block-column-is-layout-flow\" style=\"flex-basis:25%\">\n<figure class=\"wp-block-gallery has-nested-images columns-default is-cropped wp-block-gallery-3 is-layout-flex wp-block-gallery-is-layout-flex\">\n<figure class=\"wp-block-image size-large\"><img loading=\"lazy\" decoding=\"async\" width=\"1024\" height=\"689\" data-id=\"810\" src=\"https:\/\/fu-ortsverband-reisbach.de\/wp-content\/uploads\/2025\/09\/07.09.25-Hut-Kutsche-OV-m.R-3-1024x689.jpg\" alt=\"\" class=\"wp-image-810\" srcset=\"https:\/\/fu-ortsverband-reisbach.de\/wp-content\/uploads\/2025\/09\/07.09.25-Hut-Kutsche-OV-m.R-3-1024x689.jpg 1024w, https:\/\/fu-ortsverband-reisbach.de\/wp-content\/uploads\/2025\/09\/07.09.25-Hut-Kutsche-OV-m.R-3-300x202.jpg 300w, https:\/\/fu-ortsverband-reisbach.de\/wp-content\/uploads\/2025\/09\/07.09.25-Hut-Kutsche-OV-m.R-3-768x517.jpg 768w, https:\/\/fu-ortsverband-reisbach.de\/wp-content\/uploads\/2025\/09\/07.09.25-Hut-Kutsche-OV-m.R-3.jpg 1100w\" sizes=\"auto, (max-width: 1024px) 100vw, 1024px\" \/><\/figure>\n<\/figure>\n<\/div>\n<\/div>\n\n\n\n<p><\/p>\n","protected":false},"excerpt":{"rendered":"<p>Niederbayerns Frauen unter einem Hut &#8211; Frauen &#8211; Sternstunden &#8211; Politik Unter diesem Motto trafen sich Damen aus ganz Niederbayern auf Schloss Tunzenberg n\u00e4he Mengkofen. Der FU-Kreisverband Dingolfing-Landau hatte hierzu mit dem OV Mengkofen die Organisation \u00fcbernommen. Die Bezirksvorsitzende Dr. Petra Loibl konnte neben den vielen Besucherinnen auch Ehreng\u00e4ste begr\u00fc\u00dfen, wie MdB G\u00fcnter Baumgartner, stv. &#8230; <a title=\"7. September 2025: Sommerempfang des Beirksverbandes Niederbayern\" class=\"read-more\" href=\"https:\/\/fu-ortsverband-reisbach.de\/?p=800\" aria-label=\"Mehr Informationen \u00fcber 7. September 2025: Sommerempfang des Beirksverbandes Niederbayern\">Weiterlesen<\/a><\/p>\n","protected":false},"author":1,"featured_media":0,"comment_status":"closed","ping_status":"closed","sticky":false,"template":"","format":"standard","meta":{"footnotes":""},"categories":[1],"tags":[],"class_list":["post-800","post","type-post","status-publish","format-standard","hentry","category-allgemein"],"_links":{"self":[{"href":"https:\/\/fu-ortsverband-reisbach.de\/index.php?rest_route=\/wp\/v2\/posts\/800","targetHints":{"allow":["GET"]}}],"collection":[{"href":"https:\/\/fu-ortsverband-reisbach.de\/index.php?rest_route=\/wp\/v2\/posts"}],"about":[{"href":"https:\/\/fu-ortsverband-reisbach.de\/index.php?rest_route=\/wp\/v2\/types\/post"}],"author":[{"embeddable":true,"href":"https:\/\/fu-ortsverband-reisbach.de\/index.php?rest_route=\/wp\/v2\/users\/1"}],"replies":[{"embeddable":true,"href":"https:\/\/fu-ortsverband-reisbach.de\/index.php?rest_route=%2Fwp%2Fv2%2Fcomments&post=800"}],"version-history":[{"count":0,"href":"https:\/\/fu-ortsverband-reisbach.de\/index.php?rest_route=\/wp\/v2\/posts\/800\/revisions"}],"wp:attachment":[{"href":"https:\/\/fu-ortsverband-reisbach.de\/index.php?rest_route=%2Fwp%2Fv2%2Fmedia&parent=800"}],"wp:term":[{"taxonomy":"category","embeddable":true,"href":"https:\/\/fu-ortsverband-reisbach.de\/index.php?rest_route=%2Fwp%2Fv2%2Fcategories&post=800"},{"taxonomy":"post_tag","embeddable":true,"href":"https:\/\/fu-ortsverband-reisbach.de\/index.php?rest_route=%2Fwp%2Fv2%2Ftags&post=800"}],"curies":[{"name":"wp","href":"https:\/\/api.w.org\/{rel}","templated":true}]}}