{"id":441,"date":"2023-01-05T15:34:27","date_gmt":"2023-01-05T14:34:27","guid":{"rendered":"https:\/\/fu-ortsverband-reisbach.de\/?p=441"},"modified":"2023-01-05T15:34:28","modified_gmt":"2023-01-05T14:34:28","slug":"7-juli-2022-kreisvertreterversammlung","status":"publish","type":"post","link":"https:\/\/fu-ortsverband-reisbach.de\/?p=441","title":{"rendered":"7. Juli 2022: Kreisvertreterversammlung"},"content":{"rendered":"\n<p>in der Schlossgastst\u00e4tte Leonsberg.<\/p>\n\n\n\n<p>Der Ortsverband Reisbach war zahlreich vertreten.<\/p>\n\n\n\n<p>Die Kreisvorsitzende Andrea Fitz konnte im Gew\u00f6lbe der Schlossgastst\u00e4tte viele Delegierte aus den Ortsverb\u00e4nden begr\u00fc\u00dfen  Vorab erfolgte eine F\u00fchrung durch die Kapelle des Schlosses.  <\/p>\n\n\n\n<p>Die Bezirksvorsitzende Dr. Petra Loibl nahm in ihrem Gru\u00dfwort Stellung zu aktuellen Themen in der Landespolitik. <\/p>\n\n\n\n<div class=\"wp-block-columns is-layout-flex wp-container-core-columns-is-layout-9d6595d7 wp-block-columns-is-layout-flex\">\n<div class=\"wp-block-column is-layout-flow wp-block-column-is-layout-flow\" style=\"flex-basis:33.34%\">\n<figure class=\"wp-block-gallery has-nested-images columns-default is-cropped wp-block-gallery-1 is-layout-flex wp-block-gallery-is-layout-flex\">\n<figure class=\"wp-block-image size-large\"><img loading=\"lazy\" decoding=\"async\" width=\"768\" height=\"1024\" data-id=\"463\" src=\"https:\/\/fu-ortsverband-reisbach.de\/wp-content\/uploads\/2023\/01\/07.07.22-Kreisvertreterversammlung-Fitz-Loibl-768x1024.jpg\" alt=\"\" class=\"wp-image-463\" srcset=\"https:\/\/fu-ortsverband-reisbach.de\/wp-content\/uploads\/2023\/01\/07.07.22-Kreisvertreterversammlung-Fitz-Loibl-768x1024.jpg 768w, https:\/\/fu-ortsverband-reisbach.de\/wp-content\/uploads\/2023\/01\/07.07.22-Kreisvertreterversammlung-Fitz-Loibl-225x300.jpg 225w, https:\/\/fu-ortsverband-reisbach.de\/wp-content\/uploads\/2023\/01\/07.07.22-Kreisvertreterversammlung-Fitz-Loibl-1152x1536.jpg 1152w, https:\/\/fu-ortsverband-reisbach.de\/wp-content\/uploads\/2023\/01\/07.07.22-Kreisvertreterversammlung-Fitz-Loibl-1536x2048.jpg 1536w, https:\/\/fu-ortsverband-reisbach.de\/wp-content\/uploads\/2023\/01\/07.07.22-Kreisvertreterversammlung-Fitz-Loibl-scaled.jpg 1920w\" sizes=\"auto, (max-width: 768px) 100vw, 768px\" \/><\/figure>\n<\/figure>\n<\/div>\n\n\n\n<div class=\"wp-block-column is-layout-flow wp-block-column-is-layout-flow\" style=\"flex-basis:33.34%\">\n<figure class=\"wp-block-gallery has-nested-images columns-default is-cropped wp-block-gallery-2 is-layout-flex wp-block-gallery-is-layout-flex\">\n<figure class=\"wp-block-image size-large\"><img loading=\"lazy\" decoding=\"async\" width=\"1024\" height=\"771\" data-id=\"464\" src=\"https:\/\/fu-ortsverband-reisbach.de\/wp-content\/uploads\/2023\/01\/047-07.07.22-Kreisvertreterversammlung-Kirche-1024x771.jpg\" alt=\"\" class=\"wp-image-464\" srcset=\"https:\/\/fu-ortsverband-reisbach.de\/wp-content\/uploads\/2023\/01\/047-07.07.22-Kreisvertreterversammlung-Kirche-1024x771.jpg 1024w, https:\/\/fu-ortsverband-reisbach.de\/wp-content\/uploads\/2023\/01\/047-07.07.22-Kreisvertreterversammlung-Kirche-300x226.jpg 300w, https:\/\/fu-ortsverband-reisbach.de\/wp-content\/uploads\/2023\/01\/047-07.07.22-Kreisvertreterversammlung-Kirche-768x578.jpg 768w, https:\/\/fu-ortsverband-reisbach.de\/wp-content\/uploads\/2023\/01\/047-07.07.22-Kreisvertreterversammlung-Kirche-1536x1157.jpg 1536w, https:\/\/fu-ortsverband-reisbach.de\/wp-content\/uploads\/2023\/01\/047-07.07.22-Kreisvertreterversammlung-Kirche-2048x1542.jpg 2048w\" sizes=\"auto, (max-width: 1024px) 100vw, 1024px\" \/><\/figure>\n<\/figure>\n<\/div>\n\n\n\n<div class=\"wp-block-column is-layout-flow wp-block-column-is-layout-flow\" style=\"flex-basis:33.33%\">\n<figure class=\"wp-block-gallery has-nested-images columns-default is-cropped wp-block-gallery-3 is-layout-flex wp-block-gallery-is-layout-flex\">\n<figure class=\"wp-block-image size-large\"><img loading=\"lazy\" decoding=\"async\" width=\"774\" height=\"1024\" data-id=\"466\" src=\"https:\/\/fu-ortsverband-reisbach.de\/wp-content\/uploads\/2023\/01\/07.07.22-Kreisvertreterversammlung-OV-R-1-774x1024.jpg\" alt=\"\" class=\"wp-image-466\" srcset=\"https:\/\/fu-ortsverband-reisbach.de\/wp-content\/uploads\/2023\/01\/07.07.22-Kreisvertreterversammlung-OV-R-1-774x1024.jpg 774w, https:\/\/fu-ortsverband-reisbach.de\/wp-content\/uploads\/2023\/01\/07.07.22-Kreisvertreterversammlung-OV-R-1-227x300.jpg 227w, https:\/\/fu-ortsverband-reisbach.de\/wp-content\/uploads\/2023\/01\/07.07.22-Kreisvertreterversammlung-OV-R-1-768x1017.jpg 768w, https:\/\/fu-ortsverband-reisbach.de\/wp-content\/uploads\/2023\/01\/07.07.22-Kreisvertreterversammlung-OV-R-1-1160x1536.jpg 1160w, https:\/\/fu-ortsverband-reisbach.de\/wp-content\/uploads\/2023\/01\/07.07.22-Kreisvertreterversammlung-OV-R-1-1547x2048.jpg 1547w, https:\/\/fu-ortsverband-reisbach.de\/wp-content\/uploads\/2023\/01\/07.07.22-Kreisvertreterversammlung-OV-R-1-scaled.jpg 1934w\" sizes=\"auto, (max-width: 774px) 100vw, 774px\" \/><\/figure>\n<\/figure>\n<\/div>\n<\/div>\n","protected":false},"excerpt":{"rendered":"<p>in der Schlossgastst\u00e4tte Leonsberg. Der Ortsverband Reisbach war zahlreich vertreten. Die Kreisvorsitzende Andrea Fitz konnte im Gew\u00f6lbe der Schlossgastst\u00e4tte viele Delegierte aus den Ortsverb\u00e4nden begr\u00fc\u00dfen Vorab erfolgte eine F\u00fchrung durch die Kapelle des Schlosses. Die Bezirksvorsitzende Dr. Petra Loibl nahm in ihrem Gru\u00dfwort Stellung zu aktuellen Themen in der Landespolitik.<\/p>\n","protected":false},"author":1,"featured_media":0,"comment_status":"closed","ping_status":"closed","sticky":false,"template":"","format":"standard","meta":{"footnotes":""},"categories":[1],"tags":[],"class_list":["post-441","post","type-post","status-publish","format-standard","hentry","category-allgemein"],"_links":{"self":[{"href":"https:\/\/fu-ortsverband-reisbach.de\/index.php?rest_route=\/wp\/v2\/posts\/441","targetHints":{"allow":["GET"]}}],"collection":[{"href":"https:\/\/fu-ortsverband-reisbach.de\/index.php?rest_route=\/wp\/v2\/posts"}],"about":[{"href":"https:\/\/fu-ortsverband-reisbach.de\/index.php?rest_route=\/wp\/v2\/types\/post"}],"author":[{"embeddable":true,"href":"https:\/\/fu-ortsverband-reisbach.de\/index.php?rest_route=\/wp\/v2\/users\/1"}],"replies":[{"embeddable":true,"href":"https:\/\/fu-ortsverband-reisbach.de\/index.php?rest_route=%2Fwp%2Fv2%2Fcomments&post=441"}],"version-history":[{"count":0,"href":"https:\/\/fu-ortsverband-reisbach.de\/index.php?rest_route=\/wp\/v2\/posts\/441\/revisions"}],"wp:attachment":[{"href":"https:\/\/fu-ortsverband-reisbach.de\/index.php?rest_route=%2Fwp%2Fv2%2Fmedia&parent=441"}],"wp:term":[{"taxonomy":"category","embeddable":true,"href":"https:\/\/fu-ortsverband-reisbach.de\/index.php?rest_route=%2Fwp%2Fv2%2Fcategories&post=441"},{"taxonomy":"post_tag","embeddable":true,"href":"https:\/\/fu-ortsverband-reisbach.de\/index.php?rest_route=%2Fwp%2Fv2%2Ftags&post=441"}],"curies":[{"name":"wp","href":"https:\/\/api.w.org\/{rel}","templated":true}]}}