{"id":412,"date":"2022-06-17T14:35:13","date_gmt":"2022-06-17T12:35:13","guid":{"rendered":"https:\/\/fu-ortsverband-reisbach.de\/?p=412"},"modified":"2022-06-17T14:35:15","modified_gmt":"2022-06-17T12:35:15","slug":"9-juni-2022-vorstandssitzung","status":"publish","type":"post","link":"https:\/\/fu-ortsverband-reisbach.de\/?p=412","title":{"rendered":"9. Juni 2022: Vorstandssitzung"},"content":{"rendered":"\n<figure class=\"wp-block-gallery has-nested-images columns-default is-cropped wp-block-gallery-1 is-layout-flex wp-block-gallery-is-layout-flex\">\n<figure class=\"wp-block-image size-large\"><img loading=\"lazy\" decoding=\"async\" width=\"1024\" height=\"669\" data-id=\"413\" src=\"https:\/\/fu-ortsverband-reisbach.de\/wp-content\/uploads\/2022\/06\/09.06.22-VoSi-m.R.-1024x669.jpg\" alt=\"\" class=\"wp-image-413\" srcset=\"https:\/\/fu-ortsverband-reisbach.de\/wp-content\/uploads\/2022\/06\/09.06.22-VoSi-m.R.-1024x669.jpg 1024w, https:\/\/fu-ortsverband-reisbach.de\/wp-content\/uploads\/2022\/06\/09.06.22-VoSi-m.R.-300x196.jpg 300w, https:\/\/fu-ortsverband-reisbach.de\/wp-content\/uploads\/2022\/06\/09.06.22-VoSi-m.R.-768x502.jpg 768w, https:\/\/fu-ortsverband-reisbach.de\/wp-content\/uploads\/2022\/06\/09.06.22-VoSi-m.R.-1536x1003.jpg 1536w, https:\/\/fu-ortsverband-reisbach.de\/wp-content\/uploads\/2022\/06\/09.06.22-VoSi-m.R.-2048x1338.jpg 2048w\" sizes=\"auto, (max-width: 1024px) 100vw, 1024px\" \/><\/figure>\n<\/figure>\n\n\n\n<p>Die gesamte Vorstandschaft mit Ehrenvorsitzender Thea Schweikl traf sich im Schlappinger Hof zu einer weiteren Vorstandssitzung, die in Pr\u00e4senzform durchgef\u00fchrt werden konnte. <\/p>\n\n\n\n<p>Im R\u00fcckblick erinnerte die Vorsitzende an den gelungenen Vortrag zum Thema Pflege, zu dem die Senioren-Union Dingolfing-Landau zusammen mit der Frauen-Union, Ortsverband Reisbach am 10. Mai eingeladen hatte.   <\/p>\n\n\n\n<p>Das Thema &#8222;Pflege&#8220; ist das diesj\u00e4hrige Leitthema der Frauen-Union. <\/p>\n\n\n\n<p>Neben weiteren Themen wurden geplante Termine f\u00fcr das Jahr 2022 festgelegt.<\/p>\n\n\n\n<p>\u00dcber den schrecklichen Ukraine-Krieg und das aktuelle 9.-\u20ac-Ticket wurde &#8211; neben anderen Themen &#8211; intensiv diskutiert.  <\/p>\n\n\n\n<p><\/p>\n","protected":false},"excerpt":{"rendered":"<p>Die gesamte Vorstandschaft mit Ehrenvorsitzender Thea Schweikl traf sich im Schlappinger Hof zu einer weiteren Vorstandssitzung, die in Pr\u00e4senzform durchgef\u00fchrt werden konnte. Im R\u00fcckblick erinnerte die Vorsitzende an den gelungenen Vortrag zum Thema Pflege, zu dem die Senioren-Union Dingolfing-Landau zusammen mit der Frauen-Union, Ortsverband Reisbach am 10. Mai eingeladen hatte. Das Thema &#8222;Pflege&#8220; ist das &#8230; <a title=\"9. Juni 2022: Vorstandssitzung\" class=\"read-more\" href=\"https:\/\/fu-ortsverband-reisbach.de\/?p=412\" aria-label=\"Mehr Informationen \u00fcber 9. Juni 2022: Vorstandssitzung\">Weiterlesen<\/a><\/p>\n","protected":false},"author":1,"featured_media":0,"comment_status":"closed","ping_status":"closed","sticky":false,"template":"","format":"standard","meta":{"footnotes":""},"categories":[1],"tags":[],"class_list":["post-412","post","type-post","status-publish","format-standard","hentry","category-allgemein"],"_links":{"self":[{"href":"https:\/\/fu-ortsverband-reisbach.de\/index.php?rest_route=\/wp\/v2\/posts\/412","targetHints":{"allow":["GET"]}}],"collection":[{"href":"https:\/\/fu-ortsverband-reisbach.de\/index.php?rest_route=\/wp\/v2\/posts"}],"about":[{"href":"https:\/\/fu-ortsverband-reisbach.de\/index.php?rest_route=\/wp\/v2\/types\/post"}],"author":[{"embeddable":true,"href":"https:\/\/fu-ortsverband-reisbach.de\/index.php?rest_route=\/wp\/v2\/users\/1"}],"replies":[{"embeddable":true,"href":"https:\/\/fu-ortsverband-reisbach.de\/index.php?rest_route=%2Fwp%2Fv2%2Fcomments&post=412"}],"version-history":[{"count":0,"href":"https:\/\/fu-ortsverband-reisbach.de\/index.php?rest_route=\/wp\/v2\/posts\/412\/revisions"}],"wp:attachment":[{"href":"https:\/\/fu-ortsverband-reisbach.de\/index.php?rest_route=%2Fwp%2Fv2%2Fmedia&parent=412"}],"wp:term":[{"taxonomy":"category","embeddable":true,"href":"https:\/\/fu-ortsverband-reisbach.de\/index.php?rest_route=%2Fwp%2Fv2%2Fcategories&post=412"},{"taxonomy":"post_tag","embeddable":true,"href":"https:\/\/fu-ortsverband-reisbach.de\/index.php?rest_route=%2Fwp%2Fv2%2Ftags&post=412"}],"curies":[{"name":"wp","href":"https:\/\/api.w.org\/{rel}","templated":true}]}}