{"id":174,"date":"2020-07-30T21:43:07","date_gmt":"2020-07-30T19:43:07","guid":{"rendered":"https:\/\/fu-ortsverband-reisbach.de\/?p=174"},"modified":"2021-12-11T18:48:27","modified_gmt":"2021-12-11T17:48:27","slug":"30-juli-2020-treffen-der-vorstandschaft-im-gastgarten","status":"publish","type":"post","link":"https:\/\/fu-ortsverband-reisbach.de\/?p=174","title":{"rendered":"30. Juli 2020: Treffen der Vorstandschaft im Gastgarten"},"content":{"rendered":"\n<p>Aufgrund der Corona-Einschr\u00e4nkungen war es im Sommer 2020 m\u00f6glich, dass sich Vorstandsmitglieder unter Einhaltung der Vorschriften zu einem pers\u00f6nlichen Gespr\u00e4ch im Gastgarten der Pizzeria am Marktplatz in Reisbach treffen konnten. <\/p>\n\n\n\n<div class=\"wp-block-image\"><figure class=\"aligncenter size-large\"><img loading=\"lazy\" decoding=\"async\" width=\"764\" height=\"578\" src=\"https:\/\/fu-ortsverband-reisbach.de\/wp-content\/uploads\/2021\/06\/30.07.20-Pizzeria-m.-R..jpg\" alt=\"\" class=\"wp-image-175\" srcset=\"https:\/\/fu-ortsverband-reisbach.de\/wp-content\/uploads\/2021\/06\/30.07.20-Pizzeria-m.-R..jpg 764w, https:\/\/fu-ortsverband-reisbach.de\/wp-content\/uploads\/2021\/06\/30.07.20-Pizzeria-m.-R.-300x227.jpg 300w\" sizes=\"auto, (max-width: 764px) 100vw, 764px\" \/><\/figure><\/div>\n","protected":false},"excerpt":{"rendered":"<p>Aufgrund der Corona-Einschr\u00e4nkungen war es im Sommer 2020 m\u00f6glich, dass sich Vorstandsmitglieder unter Einhaltung der Vorschriften zu einem pers\u00f6nlichen Gespr\u00e4ch im Gastgarten der Pizzeria am Marktplatz in Reisbach treffen konnten.<\/p>\n","protected":false},"author":1,"featured_media":0,"comment_status":"closed","ping_status":"closed","sticky":false,"template":"","format":"standard","meta":{"footnotes":""},"categories":[1],"tags":[],"class_list":["post-174","post","type-post","status-publish","format-standard","hentry","category-allgemein"],"_links":{"self":[{"href":"https:\/\/fu-ortsverband-reisbach.de\/index.php?rest_route=\/wp\/v2\/posts\/174","targetHints":{"allow":["GET"]}}],"collection":[{"href":"https:\/\/fu-ortsverband-reisbach.de\/index.php?rest_route=\/wp\/v2\/posts"}],"about":[{"href":"https:\/\/fu-ortsverband-reisbach.de\/index.php?rest_route=\/wp\/v2\/types\/post"}],"author":[{"embeddable":true,"href":"https:\/\/fu-ortsverband-reisbach.de\/index.php?rest_route=\/wp\/v2\/users\/1"}],"replies":[{"embeddable":true,"href":"https:\/\/fu-ortsverband-reisbach.de\/index.php?rest_route=%2Fwp%2Fv2%2Fcomments&post=174"}],"version-history":[{"count":0,"href":"https:\/\/fu-ortsverband-reisbach.de\/index.php?rest_route=\/wp\/v2\/posts\/174\/revisions"}],"wp:attachment":[{"href":"https:\/\/fu-ortsverband-reisbach.de\/index.php?rest_route=%2Fwp%2Fv2%2Fmedia&parent=174"}],"wp:term":[{"taxonomy":"category","embeddable":true,"href":"https:\/\/fu-ortsverband-reisbach.de\/index.php?rest_route=%2Fwp%2Fv2%2Fcategories&post=174"},{"taxonomy":"post_tag","embeddable":true,"href":"https:\/\/fu-ortsverband-reisbach.de\/index.php?rest_route=%2Fwp%2Fv2%2Ftags&post=174"}],"curies":[{"name":"wp","href":"https:\/\/api.w.org\/{rel}","templated":true}]}}